{"id":7876,"date":"2025-10-16T15:35:51","date_gmt":"2025-10-16T13:35:51","guid":{"rendered":"https:\/\/ambottawa.esteri.it\/?p=7876"},"modified":"2025-10-16T20:28:15","modified_gmt":"2025-10-16T18:28:15","slug":"missione-dellambasciatore-ditalia-in-canada-a-montreal-e-a-toronto-14-15-ottobre-2025","status":"publish","type":"post","link":"https:\/\/ambottawa.esteri.it\/it\/news\/dall_ambasciata\/2025\/10\/missione-dellambasciatore-ditalia-in-canada-a-montreal-e-a-toronto-14-15-ottobre-2025\/","title":{"rendered":"Missione dell\u2019Ambasciatore d\u2019Italia in Canada a Montr\u00e9al e a Toronto (14-15 ottobre 2025)"},"content":{"rendered":"<p>L\u2019Ambasciatore d\u2019Italia in Canada,\u00a0Alessandro Cattaneo, si \u00e8 recato in missione a Montr\u00e9al e a Toronto il 14 e 15 ottobre.<\/p>\n<p>Nella mattinata del 14 ottobre\u00a0l\u2019Ambasciatore ha presieduto, presso l\u2019Istituto Italiano di Cultura a Montr\u00e9al, la Riunione\u00a0InterComites\u00a0Canada, alla presenza dell\u2019On. Andrea Di Giuseppe, dell\u2019On. Christian Di Sanzo e, da remoto, della Sen. Francesca La Marca &#8211; parlamentari eletti nella circoscrizione Nord America -, e con la partecipazione dei Consoli Generali d\u2019Italia a Montreal, Toronto e Vancouver, dei Presidenti dei\u00a0Com.It.Es\u00a0delle stesse citt\u00e0, del Segretario dell\u2019InterComites\u00a0Canada e del Consigliere del CGIE per il Canada. Al centro dell\u2019incontro le principali tematiche consolari, i servizi offerti ai connazionali, le iniziative in corso di programmazione e le attivit\u00e0 per la promozione della lingua e della cultura italiane. Nel suo intervento, l\u2019Ambasciatore\u00a0Cattaneo ha illustrato la strategia della rete diplomatico-consolare italiana in Canada al servizio delle nostre collettivit\u00e0 e per sostenere ed accompagnare il lavoro dei\u00a0Com.It.Es\u00a0nel Paese.<\/p>\n<p>Nel pomeriggio,\u00a0l\u2019Ambasciatore ha presieduto una riunione del Sistema Italia in Qu\u00e9bec, alla presenza dell\u2019On. Di Giuseppe e dell\u2019On. Di Sanzo, del Console Generale d\u2019Italia a Montr\u00e9al, dell\u2019Agenzia ICE e della Camera di Commercio italiana in Qu\u00e9bec. La riunione ha fornito l\u2019occasione per delineare le prospettive della promozione economico-commerciale del Made in\u00a0Italy\u00a0in un mercato ampio, competitivo ed in rapida evoluzione come quello canadese.<\/p>\n<p>La giornata si \u00e8 conclusa con un incontro con imprenditori e rappresentanti della comunit\u00e0 italiana in Qu\u00e9bec\u00a0e\u00a0con parlamentari canadesi di origine italiana.<\/p>\n<p>Gli impegni dell\u2019Ambasciatore Cattaneo sono proseguiti il 15 ottobre a Toronto, dove ha avuto incontri con personalit\u00e0 di spicco e rappresentanti della comunit\u00e0 italo-canadese, tra cui il Senatore Toni Varone; numerosi parlamentari federali e provinciali; il Presidente della\u00a0Automotive Parts\u00a0Manufacturers\u2019\u00a0Association\u00a0(APMA), Flavio Volpe; l\u2019AD dell\u2019organizzazione no-profit\u00a0Villa Charities, Marco\u00a0DeVuono\u00a0e\u00a0rappresentanti del\u00a0Com.it.Es. locale. L\u2019Ambasciatore ha infine partecipato ad una serata di beneficenza\u00a0organizzata dalla societ\u00e0 di credito\u00a0Italian-Canadian\u00a0Savings\u00a0and Credit Union in onore del Senatore Toni Varone.<\/p>\n","protected":false},"excerpt":{"rendered":"L\u2019Ambasciatore d\u2019Italia in Canada,\u00a0Alessandro Cattaneo, si \u00e8 recato in missione a Montr\u00e9al e a Toronto il 14 e 15 ottobre. Nella mattinata del 14 ottobre\u00a0l\u2019Ambasciatore ha presieduto, presso l\u2019Istituto Italiano di Cultura a Montr\u00e9al, la Riunione\u00a0InterComites\u00a0Canada, alla presenza dell\u2019On. Andrea Di Giuseppe, dell\u2019On. Christian Di Sanzo e, da remoto, della Sen. Francesca La Marca &#8211; [&hellip;]","protected":false},"author":8,"featured_media":7880,"comment_status":"closed","ping_status":"closed","sticky":false,"template":"","format":"standard","meta":{"footnotes":""},"tags":[],"class_list":["post-7876","post","type-post","status-publish","format-standard","has-post-thumbnail","hentry"],"_links":{"self":[{"href":"https:\/\/ambottawa.esteri.it\/it\/wp-json\/wp\/v2\/posts\/7876","targetHints":{"allow":["GET"]}}],"collection":[{"href":"https:\/\/ambottawa.esteri.it\/it\/wp-json\/wp\/v2\/posts"}],"about":[{"href":"https:\/\/ambottawa.esteri.it\/it\/wp-json\/wp\/v2\/types\/post"}],"author":[{"embeddable":true,"href":"https:\/\/ambottawa.esteri.it\/it\/wp-json\/wp\/v2\/users\/8"}],"replies":[{"embeddable":true,"href":"https:\/\/ambottawa.esteri.it\/it\/wp-json\/wp\/v2\/comments?post=7876"}],"version-history":[{"count":1,"href":"https:\/\/ambottawa.esteri.it\/it\/wp-json\/wp\/v2\/posts\/7876\/revisions"}],"predecessor-version":[{"id":7887,"href":"https:\/\/ambottawa.esteri.it\/it\/wp-json\/wp\/v2\/posts\/7876\/revisions\/7887"}],"wp:featuredmedia":[{"embeddable":true,"href":"https:\/\/ambottawa.esteri.it\/it\/wp-json\/wp\/v2\/media\/7880"}],"wp:attachment":[{"href":"https:\/\/ambottawa.esteri.it\/it\/wp-json\/wp\/v2\/media?parent=7876"}],"wp:term":[{"taxonomy":"post_tag","embeddable":true,"href":"https:\/\/ambottawa.esteri.it\/it\/wp-json\/wp\/v2\/tags?post=7876"}],"curies":[{"name":"wp","href":"https:\/\/api.w.org\/{rel}","templated":true}]}}