{"id":6430,"date":"2025-03-31T15:41:08","date_gmt":"2025-03-31T13:41:08","guid":{"rendered":"https:\/\/ambottawa.esteri.it\/?p=6430"},"modified":"2025-03-31T15:58:06","modified_gmt":"2025-03-31T13:58:06","slug":"avviso-modifiche-alla-legge-sulla-cittadinanza-ius-sanguinis","status":"publish","type":"post","link":"https:\/\/ambottawa.esteri.it\/it\/news\/dall_ambasciata\/2025\/03\/avviso-modifiche-alla-legge-sulla-cittadinanza-ius-sanguinis\/","title":{"rendered":"AVVISO: Modifiche alla legge sulla cittadinanza \u201cius sanguinis\u201d"},"content":{"rendered":"<p>A seguito dell\u2019approvazione da parte del Consiglio dei Ministri, in data odierna, 28 marzo 2025, di un decreto legge in materia di cittadinanza per discendenza, nelle more della pubblicazione di tale decreto e su precise istruzioni ministeriali, si rende necessario <strong>sospendere il <u>calendario di appuntamenti per cittadinanza per discendenza<\/u><\/strong>.<\/p>\n<p>Pertanto, gi\u00e0 dalla data odierna, <strong>il calendario non sar\u00e0 pi\u00f9 disponibile sul portale Prenot@mi<\/strong>, fino a nuova comunicazione.<\/p>\n<p><strong>Gli appuntamenti gi\u00e0 prenotati sono anch\u2019essi sospesi<\/strong>. Coloro che hanno prenotato un appuntamento a partire dal 2 aprile riceveranno una <strong>comunicazione di sospensione da parte del Consolato, all\u2019indirizzo email utilizzato per la registrazione sul portale Prenot@mi<\/strong>. Si raccomanda di verificare la propria mailbox, inclusa la cartella SPAM.<\/p>\n<p>Maggiori informazioni sono disponibili sul sito del <strong>Ministero degli Affari Esteri e della Cooperazione Internazionale<\/strong> al seguente <a href=\"https:\/\/www.esteri.it\/it\/sala_stampa\/archivionotizie\/comunicati\/2025\/03\/il-consiglio-dei-ministri-approva-modifiche-alla-legge-sulla-cittadinanza-ius-sanguinis\/\">link<\/a>.<\/p>\n","protected":false},"excerpt":{"rendered":"A seguito dell\u2019approvazione da parte del Consiglio dei Ministri, in data odierna, 28 marzo 2025, di un decreto legge in materia di cittadinanza per discendenza, nelle more della pubblicazione di tale decreto e su precise istruzioni ministeriali, si rende necessario sospendere il calendario di appuntamenti per cittadinanza per discendenza. Pertanto, gi\u00e0 dalla data odierna, il [&hellip;]","protected":false},"author":8,"featured_media":0,"comment_status":"closed","ping_status":"closed","sticky":false,"template":"","format":"standard","meta":{"footnotes":""},"tags":[],"class_list":["post-6430","post","type-post","status-publish","format-standard","hentry"],"_links":{"self":[{"href":"https:\/\/ambottawa.esteri.it\/it\/wp-json\/wp\/v2\/posts\/6430","targetHints":{"allow":["GET"]}}],"collection":[{"href":"https:\/\/ambottawa.esteri.it\/it\/wp-json\/wp\/v2\/posts"}],"about":[{"href":"https:\/\/ambottawa.esteri.it\/it\/wp-json\/wp\/v2\/types\/post"}],"author":[{"embeddable":true,"href":"https:\/\/ambottawa.esteri.it\/it\/wp-json\/wp\/v2\/users\/8"}],"replies":[{"embeddable":true,"href":"https:\/\/ambottawa.esteri.it\/it\/wp-json\/wp\/v2\/comments?post=6430"}],"version-history":[{"count":1,"href":"https:\/\/ambottawa.esteri.it\/it\/wp-json\/wp\/v2\/posts\/6430\/revisions"}],"predecessor-version":[{"id":6431,"href":"https:\/\/ambottawa.esteri.it\/it\/wp-json\/wp\/v2\/posts\/6430\/revisions\/6431"}],"wp:attachment":[{"href":"https:\/\/ambottawa.esteri.it\/it\/wp-json\/wp\/v2\/media?parent=6430"}],"wp:term":[{"taxonomy":"post_tag","embeddable":true,"href":"https:\/\/ambottawa.esteri.it\/it\/wp-json\/wp\/v2\/tags?post=6430"}],"curies":[{"name":"wp","href":"https:\/\/api.w.org\/{rel}","templated":true}]}}