{"id":6183,"date":"2025-02-28T23:24:57","date_gmt":"2025-02-28T22:24:57","guid":{"rendered":"https:\/\/ambottawa.esteri.it\/?p=6183"},"modified":"2025-02-28T23:27:38","modified_gmt":"2025-02-28T22:27:38","slug":"dichiarazione-del-presidente-del-consiglio-giorgia-meloni","status":"publish","type":"post","link":"https:\/\/ambottawa.esteri.it\/it\/news\/dall_ambasciata\/2025\/02\/dichiarazione-del-presidente-del-consiglio-giorgia-meloni\/","title":{"rendered":"Dichiarazione del Presidente del Consiglio, Giorgia Meloni"},"content":{"rendered":"<p><strong>Si riporta di seguito la Dichiarazione odierna del Presidente del Consiglio, Giorgia Meloni, disponibile al seguente link: <a href=\"https:\/\/www.governo.it\/it\/articolo\/dichiarazione-del-presidente-del-consiglio-giorgia-meloni\/27779\">Dichiarazione del Presidente del Consiglio, Giorgia Meloni | www.governo.it<\/a><\/strong><\/p>\n<p><strong>***<\/strong><\/p>\n<p>Ogni divisione dell\u2019Occidente ci rende tutti pi\u00f9 deboli e favorisce chi vorrebbe vedere il declino della nostra civilt\u00e0. Non del suo potere o della sua influenza, ma dei principi che l&#8217;hanno fondata, primo fra tutti la libert\u00e0. Una divisione non converrebbe a nessuno.<\/p>\n<p>\u00c8 necessario un immediato vertice tra Stati Uniti, Stati europei e alleati per parlare in modo franco di come intendiamo affrontare le grandi sfide di oggi, a partire dall\u2019Ucraina, che insieme abbiamo difeso in questi anni, e di quelle che saremo chiamati ad affrontare in futuro. \u00c8 la proposta che l&#8217;Italia intende fare ai suoi partner nelle prossime ore.<\/p>\n","protected":false},"excerpt":{"rendered":"Si riporta di seguito la Dichiarazione odierna del Presidente del Consiglio, Giorgia Meloni, disponibile al seguente link: Dichiarazione del Presidente del Consiglio, Giorgia Meloni | www.governo.it *** Ogni divisione dell\u2019Occidente ci rende tutti pi\u00f9 deboli e favorisce chi vorrebbe vedere il declino della nostra civilt\u00e0. Non del suo potere o della sua influenza, ma dei [&hellip;]","protected":false},"author":8,"featured_media":6189,"comment_status":"closed","ping_status":"closed","sticky":false,"template":"","format":"standard","meta":{"footnotes":""},"tags":[],"class_list":["post-6183","post","type-post","status-publish","format-standard","has-post-thumbnail","hentry"],"_links":{"self":[{"href":"https:\/\/ambottawa.esteri.it\/it\/wp-json\/wp\/v2\/posts\/6183","targetHints":{"allow":["GET"]}}],"collection":[{"href":"https:\/\/ambottawa.esteri.it\/it\/wp-json\/wp\/v2\/posts"}],"about":[{"href":"https:\/\/ambottawa.esteri.it\/it\/wp-json\/wp\/v2\/types\/post"}],"author":[{"embeddable":true,"href":"https:\/\/ambottawa.esteri.it\/it\/wp-json\/wp\/v2\/users\/8"}],"replies":[{"embeddable":true,"href":"https:\/\/ambottawa.esteri.it\/it\/wp-json\/wp\/v2\/comments?post=6183"}],"version-history":[{"count":2,"href":"https:\/\/ambottawa.esteri.it\/it\/wp-json\/wp\/v2\/posts\/6183\/revisions"}],"predecessor-version":[{"id":6192,"href":"https:\/\/ambottawa.esteri.it\/it\/wp-json\/wp\/v2\/posts\/6183\/revisions\/6192"}],"wp:featuredmedia":[{"embeddable":true,"href":"https:\/\/ambottawa.esteri.it\/it\/wp-json\/wp\/v2\/media\/6189"}],"wp:attachment":[{"href":"https:\/\/ambottawa.esteri.it\/it\/wp-json\/wp\/v2\/media?parent=6183"}],"wp:term":[{"taxonomy":"post_tag","embeddable":true,"href":"https:\/\/ambottawa.esteri.it\/it\/wp-json\/wp\/v2\/tags?post=6183"}],"curies":[{"name":"wp","href":"https:\/\/api.w.org\/{rel}","templated":true}]}}