{"id":6075,"date":"2025-02-14T17:29:06","date_gmt":"2025-02-14T16:29:06","guid":{"rendered":"https:\/\/ambottawa.esteri.it\/?p=6075"},"modified":"2025-02-14T17:31:28","modified_gmt":"2025-02-14T16:31:28","slug":"programma-biennale-di-venezia-2025","status":"publish","type":"post","link":"https:\/\/ambottawa.esteri.it\/it\/news\/dall_ambasciata\/2025\/02\/programma-biennale-di-venezia-2025\/","title":{"rendered":"Biennale di Venezia 2025"},"content":{"rendered":"<p>Si riporta il comunicato disponibile sul sito della <a href=\"https:\/\/www.labiennale.org\/it\/news\/la-biennale-di-venezia-2025-presentazione-berlino-13-febbraio-e-londra-17-febbraio\">Biennale di Venezia<\/a>.<\/p>\n<p class=\"rtejustify\">Nel\u00a0<strong>2025<\/strong>\u00a0la\u00a0<strong>Biennale di Venezia<\/strong>\u00a0organizza la\u00a0<strong>19. Mostra Internazionale di Architettura<\/strong>\u00a0diretta da\u00a0<strong>Carlo Ratti<\/strong>\u00a0(10 maggio &gt; 23 novembre), il\u00a0<strong>53. Festival Internazionale del Teatro<\/strong>\u00a0diretto da\u00a0<strong>Willem Dafoe\u00a0<\/strong>(31 maggio &gt; 15 giugno), il\u00a0<strong>19. Festival Internazionale di Danza Contemporanea<\/strong>\u00a0diretto da\u00a0<strong>Wayne McGregor<\/strong>\u00a0(17 luglio &gt; 2 agosto),\u00a0<s>del<\/s>l\u2019<strong>82. Mostra Internazionale d&#8217;Arte Cinematografica\u00a0<\/strong>diretta da\u00a0<strong>Alberto Barbera<\/strong>\u00a0(27 agosto &gt; 6 settembre), il\u00a0<strong>69. Festival Internazionale di Musica Contemporanea<\/strong>\u00a0diretto da\u00a0<strong>Caterina Barbieri<\/strong>\u00a0(11 &gt; 25 ottobre).<\/p>\n<p class=\"rtejustify\">Il\u00a0<strong>Progetto<\/strong>\u00a0<strong>Speciale<\/strong>\u00a0dell\u2019<strong>Archivio<\/strong>\u00a0<strong>Storico della Biennale<\/strong>\u00a0riguarda la rinascita della\u00a0<strong>Rivista La Biennale di Venezia<\/strong>, storico periodico che aveva visto la luce dal 1950 al 1971. \u00a0La nuova Rivista, lanciata nell\u2019<strong>ottobre 2024<\/strong>, ha una\u00a0<strong>cadenza trimestrale<\/strong>\u00a0ed \u00e8 edita e realizzata dalla Biennale. \u00c8\u00a0<strong>in vendita nello store online della Biennale<\/strong>\u00a0<a href=\"https:\/\/www.labiennale.org\/it\/acquista-online\">labiennale.org\/it\/acquista-online<\/a>\u00a0e nelle principali librerie.<\/p>\n<p>Altri\u00a0<strong>Progetti Speciali dell\u2019Archivio\u00a0<\/strong>saranno realizzati nel 2025.<\/p>\n<p class=\"rtejustify\">Da\u00a0<strong>mercoled\u00ec 5 marzo<\/strong>\u00a0a\u00a0<strong>domenica 9 marzo 2025\u00a0<\/strong>&#8211; e in replica da\u00a0<strong>marted\u00ec 11 marzo\u00a0<\/strong>a<strong>\u00a0sabato 15 marzo<\/strong>\u00a0(ore\u00a0<strong>21.30<\/strong>) \u2013 si terr\u00e0\u00a0<strong><em>Expositio Sancti Evangelii secundum Iohannem (Commento al Vangelo di Giovanni)<\/em>\u00a0<\/strong>di\u00a0<strong>Johannes<\/strong>\u00a0<strong>Eckhart\u00a0<\/strong>(1260 &#8211; 1328 ca.), il teologo e mistico domenicano noto come\u00a0<strong>Meister Eckhart<\/strong>. Il Progetto porta in scena il\u00a0<em>Commento al Vangelo di Giovanni<\/em>\u00a0al\u00a0<strong>Portego delle colonne\u00a0<\/strong>della<strong>\u00a0Scuola Grande di San Marco.<\/strong><\/p>\n<p class=\"rtejustify\">Proseguir\u00e0 inoltre il\u00a0<strong>Progetto Speciale<\/strong>\u00a0intitolato\u00a0<em><strong>\u00c8 il vento che fa il cielo<\/strong><\/em>.\u00a0<strong><em>La Biennale di Venezia sulle orme di Marco Polo<\/em><\/strong>, che ripercorre il viaggio di Marco Polo in occasione delle celebrazioni dei 700 anni dalla sua scomparsa (1324 \u2013 2024). Dopo la prima tappa a Hangzhou, con la mostra\u00a0<em>Il sentiero perfetto<\/em>, e la seconda tappa a Venezia, con la mostra\u00a0<em>Gulnur Mukazhanova. Memory of Hope<\/em>,\u00a0<strong>la terza tappa \u00e8 prevista per l\u2019autunno del 2025 a Istanbul.<\/strong><\/p>\n<p class=\"rtejustify\">Va sottolineata inoltre per il 2025 l\u2019importanza &#8211; per tutti i Settori artistici della Biennale &#8211; delle\u00a0<strong>attivit\u00e0 laboratoriali<\/strong>, alle quali si d\u00e0 sistematicit\u00e0 e continuit\u00e0 attraverso il progetto denominato\u00a0<strong>Biennale College<\/strong>, e delle attivit\u00e0\u00a0<strong>Educational<\/strong>.<\/p>\n","protected":false},"excerpt":{"rendered":"Si riporta il comunicato disponibile sul sito della Biennale di Venezia. Nel\u00a02025\u00a0la\u00a0Biennale di Venezia\u00a0organizza la\u00a019. Mostra Internazionale di Architettura\u00a0diretta da\u00a0Carlo Ratti\u00a0(10 maggio &gt; 23 novembre), il\u00a053. Festival Internazionale del Teatro\u00a0diretto da\u00a0Willem Dafoe\u00a0(31 maggio &gt; 15 giugno), il\u00a019. Festival Internazionale di Danza Contemporanea\u00a0diretto da\u00a0Wayne McGregor\u00a0(17 luglio &gt; 2 agosto),\u00a0dell\u201982. Mostra Internazionale d&#8217;Arte Cinematografica\u00a0diretta da\u00a0Alberto Barbera\u00a0(27 agosto [&hellip;]","protected":false},"author":8,"featured_media":0,"comment_status":"closed","ping_status":"closed","sticky":false,"template":"","format":"standard","meta":{"footnotes":""},"tags":[],"class_list":["post-6075","post","type-post","status-publish","format-standard","hentry"],"_links":{"self":[{"href":"https:\/\/ambottawa.esteri.it\/it\/wp-json\/wp\/v2\/posts\/6075","targetHints":{"allow":["GET"]}}],"collection":[{"href":"https:\/\/ambottawa.esteri.it\/it\/wp-json\/wp\/v2\/posts"}],"about":[{"href":"https:\/\/ambottawa.esteri.it\/it\/wp-json\/wp\/v2\/types\/post"}],"author":[{"embeddable":true,"href":"https:\/\/ambottawa.esteri.it\/it\/wp-json\/wp\/v2\/users\/8"}],"replies":[{"embeddable":true,"href":"https:\/\/ambottawa.esteri.it\/it\/wp-json\/wp\/v2\/comments?post=6075"}],"version-history":[{"count":2,"href":"https:\/\/ambottawa.esteri.it\/it\/wp-json\/wp\/v2\/posts\/6075\/revisions"}],"predecessor-version":[{"id":6080,"href":"https:\/\/ambottawa.esteri.it\/it\/wp-json\/wp\/v2\/posts\/6075\/revisions\/6080"}],"wp:attachment":[{"href":"https:\/\/ambottawa.esteri.it\/it\/wp-json\/wp\/v2\/media?parent=6075"}],"wp:term":[{"taxonomy":"post_tag","embeddable":true,"href":"https:\/\/ambottawa.esteri.it\/it\/wp-json\/wp\/v2\/tags?post=6075"}],"curies":[{"name":"wp","href":"https:\/\/api.w.org\/{rel}","templated":true}]}}