{"id":2398,"date":"2015-10-26T16:45:46","date_gmt":"2015-10-26T15:45:46","guid":{"rendered":"https:\/\/ambottawa.esteri.it\/news\/dall_ambasciata\/2015\/10\/cerimonia-nathan-cirillo\/"},"modified":"2015-10-26T16:45:46","modified_gmt":"2015-10-26T15:45:46","slug":"cerimonia-nathan-cirillo","status":"publish","type":"post","link":"https:\/\/ambottawa.esteri.it\/it\/news\/dall_ambasciata\/2015\/10\/cerimonia-nathan-cirillo\/","title":{"rendered":"Intervento dell&#8217;Ambasciatore durante la cerimonia commemorativa del Caporale Nathan Cirillo, vittima dell\u2019attentato terroristico di Ottawa del 22 ottobre 2014"},"content":{"rendered":"<p>Un anno fa il Canada fu scosso da due brutali e feroci attacchi contro due militari in uniforme. Il primo ebbe luogo il 20 ottobre\u00a0 a Saint Jean sur Richelieu, il secondo il 22 ottobre a Ottawa. Nel primo perse la vita il Maresciallo Patrice Vincent, nel secondo il Caporale Nathan Cirillo, italocanadese la cui famiglia e&#8217; originaria di Fabrizia, piccolo paese in provincia di Vibo Valentia in Calabria.<br \/>Ricordo ancora lo sgomento di quelle giornate, l&#8217;angoscia, la paura; la tristezza nel vedere uno dei piu&#8217; belli e piu&#8217; grandi Paesi del mondo colpito a tradimento e ferito da due vili atti di barbarie.<br \/>Il Monumento ai Caduti\u00a0 ed il Parlamento Federale, sacri simboli della pace e della democrazia, furono violati da due criminali estremisti, accecati dall&#8217;odio e dall&#8217;ideologia fondamentalista.<br \/>E tutto questo avvenne proprio in Canada, nel Paese che ha accolto milioni di persone provenienti da tutto il mondo, persone di ogni lingua, cultura e religione che hanno trovato qui una nuova casa, una nuova patria e una nuova famiglia e che hanno potuto costruire un futuro migliore per se&#8217;\u00a0 e per i loro figli. <br \/>Il mio pensiero va, in questo momento al Canada, ai Canadesi, agli Italocanadesi, alle famiglie dei militari rimasti uccisi, al piccolo Marcus Daniel Cirillo che abbiamo ammirato commossi, il giorno dei funerali di suo papa&#8217; ad Hamilton e ancora questa settimana alla cerimonia commemorativa svoltasi giovedi scorso a Ottawa. <br \/>Mi auguro che Marcus possa trovare conforto nel fatto che tutto il Canada guarda a suo padre con orgoglio, con gratitudine e con profondo rispetto.<br \/>C&#8217;e&#8217; poi, in particolare, un episodio che mi colpi molto in quel terribile 22 ottobre: la reazione dei canadesi, popolo generoso e solidale, pronto a compiere gesti eroici. <br \/>Pochi secondi dopo il vile attacco, vile anche perche&#8217; Nathan Cirillo fu colpito alle spalle, anziche&#8217; fuggire e cedere alla paura molte persone si recarono accanto a lui per assisterlo e dargli conforto in attesa dei soccorsi; tra loro c&#8217;era un avvocato, Barbara Winters. Mentre alcuni tentavano disperatamente di\u00a0 tenerlo in vita lei gli parlo&#8217; e gli disse: &#8220;tu sei un uomo in gamba, sei coraggioso, tutti ti vogliono bene. La tua famiglia militare ti vuole bene. Vedi queste persone? Sono qui per aiutarti. Siamo tutti qui per aiutarti. Stiamo facendo tutto il possibile per te&#8221;<br \/>Ecco, Signore e Signori, questo e&#8217; il Canada e questo sono i Canadesi: un grande Paese e un grande popolo.<br \/>Nutro una grande ammirazione per le forze armate, le autorit\u00e0\u00a0 e i cittadini che un anno\u00a0 fa hanno dato prova di straordinaria calma e compostezza in uno dei momenti pi\u00f9 drammatici della storia del Canada. Mai potr\u00f2 dimenticare la solennit\u00e0 della seduta che si \u00e8 tenuta in Parlamento all\u2019indomani dei tragici eventi,\u00a0 quando tutti i deputati si sono alzati in piedi ed hanno intonato assieme, con orgoglio, l\u2019inno nazionale, dando prova di straordinarie unit\u00e0 e risolutezza di fronte al Paese e al mondo.\u00a0 Mai potro&#8217; dimenticare la folla che ha salutato il corteo funebre lungo i 500 chilometri dell&#8217;autostrada che separano Ottawa ad Hamilton dispiegando grandi bandiere canadesi ad ogni viadotto.<br \/>Per fortuna, come ha detto pochi giorni fa il Primo Ministro eletto Justin Trudeau, la minaccia terroristica non ha cambiato i Canadesi, perche&#8217; i Canadesi sono un popolo cortese, generoso, aperto e ottimista, perche&#8217; il Canada e&#8217; stato costruito da popoli provenienti da ogni parte del mondo, che professano ogni fede, appartengono ad ogni cultura e parlano ogni lingua&#8221;<br \/>E, come ha ricordato il Presidente del Consiglio Renzi in quelle tragiche giornate, l\u2019Italia \u00e8 vicina al Canada al quale \u00e8 legata da profondi vincoli di amicizia e comunanza di valori ed assieme al Canada non ceder\u00e0 mai n\u00e9 al ricatto n\u00e9 all\u2019intimidazione di fronte a questi vili attacchi.<br \/>Giovedi scorso, durante la commovente cerimonia tenutasi di fronte al monumento ai caduti, il Primo Ministro Harper ed il Primo Ministro eletto Trudeau hanno scoperto una targa che riporta le seguenti parole che rimarranno scolpite per sempre per le generazioni future<\/p>\n<p>In honour of Corporal Nathan Cirillo<\/p>\n<p>Killed on October 22, 2014<br \/>As he stood sentry<br \/>At the sacred tomb of the Unknown Soldier<\/p>\n<p>Corporal Cirillo never left his post.<br \/>Forevermore he shall stand sentry,<br \/>On guard for Canada<\/p>\n<p>Lest we forget. Non lo dimenticheremo mai<\/p>\n<p><\/p>\n<p align=\"center\"><img decoding=\"async\" src=\"resource\/img\/2016\/03\/corporalnathancirillo.png\" alt=\"Corporal Nathan Cirillo\" \/><\/p>\n<p><\/p>\n<p align=\"left\">\u00a0<\/p>\n<p align=\"left\"><span style=\"text-decoration: underline;\">Copertura stampa e televisiva<\/p>\n<p><\/span><br \/><span style=\"mso-ansi-language: IT;\" lang=\"IT\"><a href=\"http:\/\/ottawacitizen.com\/news\/local-news\/italian-community-honours-cpl-nathan-cirillo\"><span style=\"color: #0000ff; font-family: 'Times New Roman'; font-size: medium;\">http:\/\/ottawacitizen.com\/news\/local-news\/italian-community-honours-cpl-nathan-cirillo<\/span><\/a><\/span><\/p>\n<p class=\"MsoNormal\" style=\"margin: 0cm 0cm 0pt;\"><span style=\"mso-ansi-language: IT;\" lang=\"IT\"><a href=\"http:\/\/www.ottawasun.com\/2015\/10\/25\/ottawas-little-italy-remembers-nathan-cirillo-forever-with-plaque\"><span style=\"color: #0000ff; font-family: 'Times New Roman'; font-size: medium;\">http:\/\/www.ottawasun.com\/2015\/10\/25\/ottawas-little-italy-remembers-nathan-cirillo-forever-with-plaque<\/span><\/a><\/span><\/p>\n<p class=\"MsoNormal\" style=\"margin: 0cm 0cm 0pt;\"><span style=\"mso-ansi-language: IT;\" lang=\"IT\"><span style=\"color: #000000; font-family: 'Times New Roman'; font-size: medium;\"><\/span><\/span><\/p>\n<p class=\"MsoNormal\" style=\"margin: 0cm 0cm 0pt;\"><span style=\"mso-ansi-language: IT;\" lang=\"IT\"><a href=\"http:\/\/www.radio-canada.ca\/regions\/ottawa\/2015\/10\/25\/001-ceremonie-nathan-cirillo.shtml\"><span style=\"color: #0000ff; font-family: 'Times New Roman'; font-size: medium;\">http:\/\/www.radio-canada.ca\/regions\/ottawa\/2015\/10\/25\/001-ceremonie-nathan-cirillo.shtml<\/span><\/a><\/span><\/p><\/p>\n","protected":false},"excerpt":{"rendered":"Un anno fa il Canada fu scosso da due brutali e feroci attacchi contro due militari in uniforme. Il primo ebbe luogo il 20 ottobre\u00a0 a Saint Jean sur Richelieu, il secondo il 22 ottobre a Ottawa. Nel primo perse la vita il Maresciallo Patrice Vincent, nel secondo il Caporale Nathan Cirillo, italocanadese la cui [&hellip;]","protected":false},"author":1,"featured_media":0,"comment_status":"","ping_status":"","sticky":false,"template":"","format":"standard","meta":{"footnotes":""},"tags":[],"class_list":["post-2398","post","type-post","status-publish","format-standard","hentry"],"_links":{"self":[{"href":"https:\/\/ambottawa.esteri.it\/it\/wp-json\/wp\/v2\/posts\/2398","targetHints":{"allow":["GET"]}}],"collection":[{"href":"https:\/\/ambottawa.esteri.it\/it\/wp-json\/wp\/v2\/posts"}],"about":[{"href":"https:\/\/ambottawa.esteri.it\/it\/wp-json\/wp\/v2\/types\/post"}],"author":[{"embeddable":true,"href":"https:\/\/ambottawa.esteri.it\/it\/wp-json\/wp\/v2\/users\/1"}],"replies":[{"embeddable":true,"href":"https:\/\/ambottawa.esteri.it\/it\/wp-json\/wp\/v2\/comments?post=2398"}],"version-history":[{"count":0,"href":"https:\/\/ambottawa.esteri.it\/it\/wp-json\/wp\/v2\/posts\/2398\/revisions"}],"wp:attachment":[{"href":"https:\/\/ambottawa.esteri.it\/it\/wp-json\/wp\/v2\/media?parent=2398"}],"wp:term":[{"taxonomy":"post_tag","embeddable":true,"href":"https:\/\/ambottawa.esteri.it\/it\/wp-json\/wp\/v2\/tags?post=2398"}],"curies":[{"name":"wp","href":"https:\/\/api.w.org\/{rel}","templated":true}]}}