{"id":8888,"date":"2026-01-28T17:38:18","date_gmt":"2026-01-28T16:38:18","guid":{"rendered":"https:\/\/ambottawa.esteri.it\/?p=8888"},"modified":"2026-01-28T17:53:42","modified_gmt":"2026-01-28T16:53:42","slug":"evenements-de-commemoration-de-la-journee-internationale-de-la-memoire-au-canada","status":"publish","type":"post","link":"https:\/\/ambottawa.esteri.it\/fr\/news\/dall_ambasciata\/2026\/01\/evenements-de-commemoration-de-la-journee-internationale-de-la-memoire-au-canada\/","title":{"rendered":"\u00c9v\u00e9nements de comm\u00e9moration de la Journ\u00e9e internationale de la m\u00e9moire au Canada"},"content":{"rendered":"<p>\u00c0 l\u2019occasion de la Journ\u00e9e internationale de la m\u00e9moire, l\u2019Ambassadeur d\u2019Italie au Canada, Alessandro Cattaneo, a particip\u00e9 \u00e0 la c\u00e9r\u00e9monie organis\u00e9e par le gouvernement canadien au Monument national de l\u2019Holocauste \u00e0 Ottawa, en pr\u00e9sence du Premier ministre, Mark Carney, et de nombreux repr\u00e9sentants politiques et institutionnels du Canada.<\/p>\n<p>En soir\u00e9e, l\u2019Ambassadeur a pris part \u00e0 l\u2019\u00e9v\u00e9nement organis\u00e9 par l\u2019Institut italien de culture de Toronto, en collaboration avec le Consulat g\u00e9n\u00e9ral d\u2019Italie \u00e0 Toronto, l\u2019Ambassade d\u2019Italie, le Centre culturel juif Miles Nadal et l\u2019Italian Contemporary Film Festival. En pr\u00e9sence d\u2019un public nombreux, la soir\u00e9e a \u00e9t\u00e9 consacr\u00e9e \u00e0 la projection du documentaire <em>\u00ab Liliana \u00bb<\/em> du r\u00e9alisateur Ruggero Gabbai, d\u00e9di\u00e9 \u00e0 l\u2019histoire de la S\u00e9natrice \u00e0 vie Liliana Segre. Parmi les participants figuraient des autorit\u00e9s politiques et des repr\u00e9sentants institutionnels canadiens, dont un S\u00e9nateur Toni Varrone et le Procureur g\u00e9n\u00e9ral de l\u2019Ontario, Michael Kerzner. Dans son allocution d\u2019ouverture, l\u2019Ambassadeur Alessandro Cattaneo a soulign\u00e9 la profonde signification de cette comm\u00e9moration \u00e0 la lumi\u00e8re de la recrudescence de l\u2019antis\u00e9mitisme \u00e0 l\u2019\u00e9chelle mondiale, laquelle rend d\u2019autant plus n\u00e9cessaire la promotion, aupr\u00e8s des nouvelles g\u00e9n\u00e9rations, d\u2019une \u00e9ducation consciente \u00e0 la M\u00e9moire.<\/p>\n<p>L\u2019\u00e9v\u00e9nement de Toronto marque le lancement d\u2019une s\u00e9rie d&rsquo;\u00e9v\u00e9nements organis\u00e9es par le r\u00e9seau diplomatique et consulaire italien au Canada, \u00e0 l\u2019initiative de l\u2019Ambassade, \u00e0 l\u2019occasion de la Journ\u00e9e internationale de la m\u00e9moire. Le 2 f\u00e9vrier, le documentaire <em>\u00ab Liliana \u00bb<\/em> sera projet\u00e9, avec le soutien du Consulat g\u00e9n\u00e9ral d\u2019Italie \u00e0 Vancouver, au Vancouver Holocaust Education Centre. Le 3 f\u00e9vrier, l\u2019Institut italien de culture et le Consulat g\u00e9n\u00e9ral d\u2019Italie \u00e0 Montr\u00e9al pr\u00e9senteront, au Cin\u00e9ma du Mus\u00e9e, le documentaire <em>\u00ab Le souffle de Shlomo \u00bb<\/em>, du r\u00e9alisateur Ruggero Gabbai, consacr\u00e9 au t\u00e9moignage de Shlomo Venezia. Ce m\u00eame documentaire sera \u00e9galement pr\u00e9sent\u00e9 par l\u2019Ambassade d\u2019Italie \u00e0 Ottawa \u00e0 l\u2019Ottawa Art Gallery le jour suivant. Les projections d\u2019Ottawa et de Montr\u00e9al seront suivies d\u2019un \u00e9change avec le Professeur Mario Venezia, fils de Shlomo Venezia, producteur du documentaire et Pr\u00e9sident de la Fondation du Mus\u00e9e de la Shoah, invit\u00e9 d\u2019honneur lors des deux \u00e9v\u00e9nements.<\/p>\n","protected":false},"excerpt":{"rendered":"\u00c0 l\u2019occasion de la Journ\u00e9e internationale de la m\u00e9moire, l\u2019Ambassadeur d\u2019Italie au Canada, Alessandro Cattaneo, a particip\u00e9 \u00e0 la c\u00e9r\u00e9monie organis\u00e9e par le gouvernement canadien au Monument national de l\u2019Holocauste \u00e0 Ottawa, en pr\u00e9sence du Premier ministre, Mark Carney, et de nombreux repr\u00e9sentants politiques et institutionnels du Canada. En soir\u00e9e, l\u2019Ambassadeur a pris part \u00e0 [&hellip;]","protected":false},"author":8,"featured_media":8899,"comment_status":"closed","ping_status":"closed","sticky":false,"template":"","format":"standard","meta":{"footnotes":""},"tags":[],"class_list":["post-8888","post","type-post","status-publish","format-standard","has-post-thumbnail","hentry"],"_links":{"self":[{"href":"https:\/\/ambottawa.esteri.it\/fr\/wp-json\/wp\/v2\/posts\/8888","targetHints":{"allow":["GET"]}}],"collection":[{"href":"https:\/\/ambottawa.esteri.it\/fr\/wp-json\/wp\/v2\/posts"}],"about":[{"href":"https:\/\/ambottawa.esteri.it\/fr\/wp-json\/wp\/v2\/types\/post"}],"author":[{"embeddable":true,"href":"https:\/\/ambottawa.esteri.it\/fr\/wp-json\/wp\/v2\/users\/8"}],"replies":[{"embeddable":true,"href":"https:\/\/ambottawa.esteri.it\/fr\/wp-json\/wp\/v2\/comments?post=8888"}],"version-history":[{"count":1,"href":"https:\/\/ambottawa.esteri.it\/fr\/wp-json\/wp\/v2\/posts\/8888\/revisions"}],"predecessor-version":[{"id":8891,"href":"https:\/\/ambottawa.esteri.it\/fr\/wp-json\/wp\/v2\/posts\/8888\/revisions\/8891"}],"wp:featuredmedia":[{"embeddable":true,"href":"https:\/\/ambottawa.esteri.it\/fr\/wp-json\/wp\/v2\/media\/8899"}],"wp:attachment":[{"href":"https:\/\/ambottawa.esteri.it\/fr\/wp-json\/wp\/v2\/media?parent=8888"}],"wp:term":[{"taxonomy":"post_tag","embeddable":true,"href":"https:\/\/ambottawa.esteri.it\/fr\/wp-json\/wp\/v2\/tags?post=8888"}],"curies":[{"name":"wp","href":"https:\/\/api.w.org\/{rel}","templated":true}]}}