{"id":8612,"date":"2025-12-17T22:10:28","date_gmt":"2025-12-17T21:10:28","guid":{"rendered":"https:\/\/ambottawa.esteri.it\/?p=8612"},"modified":"2025-12-17T22:16:02","modified_gmt":"2025-12-17T21:16:02","slug":"celebrations-de-la-5%e1%b5%89-edition-de-la-journee-nationale-de-lespace-a-ottawa","status":"publish","type":"post","link":"https:\/\/ambottawa.esteri.it\/fr\/news\/dall_ambasciata\/2025\/12\/celebrations-de-la-5%e1%b5%89-edition-de-la-journee-nationale-de-lespace-a-ottawa\/","title":{"rendered":"C\u00e9l\u00e9brations de la 5\u1d49 \u00e9dition de la Journ\u00e9e Nationale de l\u2019Espace \u00e0 Ottawa"},"content":{"rendered":"<p data-start=\"2115\" data-end=\"2657\">\u00c0 l\u2019occasion de la cinqui\u00e8me \u00e9dition de la Journ\u00e9e Nationale de l\u2019Espace, l\u2019Ambassade d\u2019Italie au Canada a organis\u00e9 un \u00e9v\u00e9nement \u00e0 la Soci\u00e9t\u00e9 G\u00e9ographique Royale du Canada \u00e0 Ottawa intitul\u00e9 <em data-start=\"2303\" data-end=\"2424\">\u00ab Synergies Italie\u2013Canada dans le domaine spatial : relever les d\u00e9fis et saisir les opportunit\u00e9s gr\u00e2ce \u00e0 l\u2019innovation \u00bb<\/em>. L\u2019objectif de la rencontre \u00e9tait de pr\u00e9senter l\u2019expertise italienne dans le secteur a\u00e9rospatial et de discuter des collaborations possibles entre l\u2019Italie et le Canada dans le domaine de l\u2019exploration et de l\u2019innovation spatiale.<\/p>\n<p data-start=\"2659\" data-end=\"2969\">L\u2019\u00e9v\u00e9nement a \u00e9t\u00e9 ouvert par un message vid\u00e9o de l\u2019Ambassadeur Cattaneo, qui a soulign\u00e9 l\u2019excellence du secteur a\u00e9rospatial italien et l\u2019importance strat\u00e9gique de la coop\u00e9ration Italie\u2013Canada dans ce domaine, en rappelant le Protocole d\u2019Entente sign\u00e9 en 2021 par les agences spatiales nationales respectives.<\/p>\n<p data-start=\"2971\" data-end=\"3241\">La premi\u00e8re partie de la rencontre, centr\u00e9e sur la diplomatie spatiale italienne, a vu la participation du Col. Aniello Violetti, Attach\u00e9 spatial \u00e0 Washington, et, \u00e0 distance, de Mme Maria Cristina Falvella, Attach\u00e9e spatiale \u00e0 Prague et Directrice \u00e0 l\u2019ASI.<\/p>\n<p data-start=\"3243\" data-end=\"3768\">Elle a \u00e9t\u00e9 suivie d\u2019une table ronde sur les projets et synergies italo-canadiennes, anim\u00e9e par la Prof. Costanza Conti, Attach\u00e9e scientifique de l\u2019Ambassade, avec la participation, outre le Col. Violetti, de Nelson Ferguson, Directeur du D\u00e9partement des relations internationales bilat\u00e9rales de l\u2019Agence spatiale canadienne, du G\u00e9n\u00e9ral Roberto Mazzolin, expert en cybers\u00e9curit\u00e9 chez la soci\u00e9t\u00e9 de services de s\u00e9curit\u00e9 RHEA Group, et de Gemma Venturino, Pr\u00e9sidente et fondatrice de la soci\u00e9t\u00e9 de technologies propres Pulshn.<\/p>\n<p data-start=\"3770\" data-end=\"4209\">La table ronde est termin\u00e9e avec un message vid\u00e9o de l\u2019astronaute italienne Anthea Comellini, rendu disponible par le Minist\u00e8re des Affaires \u00e9trang\u00e8res et de la Coop\u00e9ration internationale pour les c\u00e9l\u00e9brations de l\u2019\u00e9dition 2025 de la Journ\u00e9e Nationale de l\u2019Espace. L\u2019\u00e9v\u00e9nement s\u2019est poursuivi par un cocktail visant \u00e0 favoriser les \u00e9changes entre les nombreux repr\u00e9sentants des milieux institutionnel, acad\u00e9mique et industriel pr\u00e9sents.<\/p>\n","protected":false},"excerpt":{"rendered":"\u00c0 l\u2019occasion de la cinqui\u00e8me \u00e9dition de la Journ\u00e9e Nationale de l\u2019Espace, l\u2019Ambassade d\u2019Italie au Canada a organis\u00e9 un \u00e9v\u00e9nement \u00e0 la Soci\u00e9t\u00e9 G\u00e9ographique Royale du Canada \u00e0 Ottawa intitul\u00e9 \u00ab Synergies Italie\u2013Canada dans le domaine spatial : relever les d\u00e9fis et saisir les opportunit\u00e9s gr\u00e2ce \u00e0 l\u2019innovation \u00bb. L\u2019objectif de la rencontre \u00e9tait de [&hellip;]","protected":false},"author":8,"featured_media":8617,"comment_status":"closed","ping_status":"closed","sticky":false,"template":"","format":"standard","meta":{"footnotes":""},"tags":[],"class_list":["post-8612","post","type-post","status-publish","format-standard","has-post-thumbnail","hentry"],"_links":{"self":[{"href":"https:\/\/ambottawa.esteri.it\/fr\/wp-json\/wp\/v2\/posts\/8612","targetHints":{"allow":["GET"]}}],"collection":[{"href":"https:\/\/ambottawa.esteri.it\/fr\/wp-json\/wp\/v2\/posts"}],"about":[{"href":"https:\/\/ambottawa.esteri.it\/fr\/wp-json\/wp\/v2\/types\/post"}],"author":[{"embeddable":true,"href":"https:\/\/ambottawa.esteri.it\/fr\/wp-json\/wp\/v2\/users\/8"}],"replies":[{"embeddable":true,"href":"https:\/\/ambottawa.esteri.it\/fr\/wp-json\/wp\/v2\/comments?post=8612"}],"version-history":[{"count":2,"href":"https:\/\/ambottawa.esteri.it\/fr\/wp-json\/wp\/v2\/posts\/8612\/revisions"}],"predecessor-version":[{"id":8616,"href":"https:\/\/ambottawa.esteri.it\/fr\/wp-json\/wp\/v2\/posts\/8612\/revisions\/8616"}],"wp:featuredmedia":[{"embeddable":true,"href":"https:\/\/ambottawa.esteri.it\/fr\/wp-json\/wp\/v2\/media\/8617"}],"wp:attachment":[{"href":"https:\/\/ambottawa.esteri.it\/fr\/wp-json\/wp\/v2\/media?parent=8612"}],"wp:term":[{"taxonomy":"post_tag","embeddable":true,"href":"https:\/\/ambottawa.esteri.it\/fr\/wp-json\/wp\/v2\/tags?post=8612"}],"curies":[{"name":"wp","href":"https:\/\/api.w.org\/{rel}","templated":true}]}}