{"id":7991,"date":"2025-10-22T22:29:36","date_gmt":"2025-10-22T20:29:36","guid":{"rendered":"https:\/\/ambottawa.esteri.it\/?p=7991"},"modified":"2025-10-22T22:39:46","modified_gmt":"2025-10-22T20:39:46","slug":"programmation-a-ottawa-pour-la-25e-edition-de-la-semaine-de-la-langue-italienne-dans-le-monde","status":"publish","type":"post","link":"https:\/\/ambottawa.esteri.it\/fr\/news\/dall_ambasciata\/2025\/10\/programmation-a-ottawa-pour-la-25e-edition-de-la-semaine-de-la-langue-italienne-dans-le-monde\/","title":{"rendered":"Programmation \u00e0 Ottawa pour la 25e \u00e9dition de la Semaine de la langue italienne dans le monde"},"content":{"rendered":"<p>\u00c0 l\u2019occasion de la 25e \u00e9dition de la Semaine de la langue italienne dans le monde, l\u2019Ambassade d\u2019Italie au Canada a organis\u00e9, le 15 octobre dernier, \u00e0 l&rsquo;Universit\u00e9 Carleton d\u2019Ottawa, une repr\u00e9sentation th\u00e9\u00e2trale en langue italienne inspir\u00e9e du r\u00e9cit pour jeunes <em data-start=\"1802\" data-end=\"1822\">Amore &amp; Cappuccino<\/em>, mise en sc\u00e8ne par les \u00e9tudiants du programme d\u2019italien de l\u2019Universit\u00e9.<br data-start=\"1895\" data-end=\"1898\" \/>Les c\u00e9l\u00e9brations se sont poursuivies le 21 octobre avec un \u00e9v\u00e9nement \u00e0 la salle de conf\u00e9rence de l\u2019Ambassade, consacr\u00e9 \u00e0 l\u2019auteure italo-canadienne et ancienne pr\u00e9sidente de l\u2019Association des \u00e9crivains italo-canadiens, Licia Canton, invit\u00e9e d\u2019honneur de la soir\u00e9e.<br data-start=\"2162\" data-end=\"2165\" \/>\u00c0 la fin des deux \u00e9v\u00e9nements, les \u00e9tudiants d\u2019italien de l&rsquo;Universit\u00e9 Carleton et de l\u2019Universit\u00e9 d\u2019Ottawa ont \u00e9t\u00e9 r\u00e9compens\u00e9s en tant que laur\u00e9ats du concours litt\u00e9raire <em data-start=\"2337\" data-end=\"2365\">Mon premier mot en italien<\/em>, lanc\u00e9 par l\u2019Ambassade en lien avec le th\u00e8me 2025 de la Semaine de la langue italienne dans le monde: <em data-start=\"2469\" data-end=\"2517\">Italophonie : la langue au-del\u00e0 des fronti\u00e8res<\/em>.<br data-start=\"2518\" data-end=\"2521\" \/>Au cours de la Semaine, l\u2019Ambassade a \u00e9galement lanc\u00e9 sur ses r\u00e9seaux sociaux une campagne num\u00e9rique consacr\u00e9e aux expressions et mots intraduisibles typiques de la langue italienne, qui a rencontr\u00e9 un grand succ\u00e8s, notamment aupr\u00e8s du jeune public.<br data-start=\"2770\" data-end=\"2773\" data-is-only-node=\"\" \/>Les c\u00e9l\u00e9brations de la Semaine de la langue italienne se poursuivront en novembre avec une s\u00e9rie de projections de films italiens mis \u00e0 disposition par le minist\u00e8re des Affaires \u00e9trang\u00e8res et de la Coop\u00e9ration internationale en collaboration avec Rai Com.<\/p>\n","protected":false},"excerpt":{"rendered":"\u00c0 l\u2019occasion de la 25e \u00e9dition de la Semaine de la langue italienne dans le monde, l\u2019Ambassade d\u2019Italie au Canada a organis\u00e9, le 15 octobre dernier, \u00e0 l&rsquo;Universit\u00e9 Carleton d\u2019Ottawa, une repr\u00e9sentation th\u00e9\u00e2trale en langue italienne inspir\u00e9e du r\u00e9cit pour jeunes Amore &amp; Cappuccino, mise en sc\u00e8ne par les \u00e9tudiants du programme d\u2019italien de l\u2019Universit\u00e9.Les [&hellip;]","protected":false},"author":8,"featured_media":7982,"comment_status":"closed","ping_status":"closed","sticky":false,"template":"","format":"standard","meta":{"footnotes":""},"tags":[],"class_list":["post-7991","post","type-post","status-publish","format-standard","has-post-thumbnail","hentry"],"_links":{"self":[{"href":"https:\/\/ambottawa.esteri.it\/fr\/wp-json\/wp\/v2\/posts\/7991","targetHints":{"allow":["GET"]}}],"collection":[{"href":"https:\/\/ambottawa.esteri.it\/fr\/wp-json\/wp\/v2\/posts"}],"about":[{"href":"https:\/\/ambottawa.esteri.it\/fr\/wp-json\/wp\/v2\/types\/post"}],"author":[{"embeddable":true,"href":"https:\/\/ambottawa.esteri.it\/fr\/wp-json\/wp\/v2\/users\/8"}],"replies":[{"embeddable":true,"href":"https:\/\/ambottawa.esteri.it\/fr\/wp-json\/wp\/v2\/comments?post=7991"}],"version-history":[{"count":1,"href":"https:\/\/ambottawa.esteri.it\/fr\/wp-json\/wp\/v2\/posts\/7991\/revisions"}],"predecessor-version":[{"id":7993,"href":"https:\/\/ambottawa.esteri.it\/fr\/wp-json\/wp\/v2\/posts\/7991\/revisions\/7993"}],"wp:featuredmedia":[{"embeddable":true,"href":"https:\/\/ambottawa.esteri.it\/fr\/wp-json\/wp\/v2\/media\/7982"}],"wp:attachment":[{"href":"https:\/\/ambottawa.esteri.it\/fr\/wp-json\/wp\/v2\/media?parent=7991"}],"wp:term":[{"taxonomy":"post_tag","embeddable":true,"href":"https:\/\/ambottawa.esteri.it\/fr\/wp-json\/wp\/v2\/tags?post=7991"}],"curies":[{"name":"wp","href":"https:\/\/api.w.org\/{rel}","templated":true}]}}