{"id":7919,"date":"2025-10-20T15:37:59","date_gmt":"2025-10-20T13:37:59","guid":{"rendered":"https:\/\/ambottawa.esteri.it\/?p=7919"},"modified":"2025-10-20T17:53:10","modified_gmt":"2025-10-20T15:53:10","slug":"mission-de-lambassadeur-ditalie-au-canada-alessandro-cattaneo-au-nouveau-brunswick","status":"publish","type":"post","link":"https:\/\/ambottawa.esteri.it\/fr\/news\/dall_ambasciata\/2025\/10\/mission-de-lambassadeur-ditalie-au-canada-alessandro-cattaneo-au-nouveau-brunswick\/","title":{"rendered":"Mission de l\u2019Ambassadeur d\u2019Italie au Canada, Alessandro Cattaneo, au Nouveau-Brunswick"},"content":{"rendered":"<p>Les 17 et 18 octobre, l\u2019Ambassadeur d\u2019Italie au Canada, Alessandro Cattaneo, a effectu\u00e9 une mission dans la province du Nouveau-Brunswick, visitant Fredericton et Moncton, accompagn\u00e9 du Consul g\u00e9n\u00e9ral d\u2019Italie \u00e0 Montr\u00e9al, Enrico Pavone.<\/p>\n<p>Dans la capitale provinciale, Fredericton, l\u2019Ambassadeur Cattaneo a \u00e9t\u00e9 re\u00e7u par la Premi\u00e8re ministre Susan Holt.<br \/>\nLa longue et cordiale rencontre avec la Premi\u00e8re ministre a port\u00e9 sur les perspectives de renforcement des relations bilat\u00e9rales entre l\u2019Italie et le Nouveau-Brunswick dans les domaines industriel, commercial, scientifique et technologique.<br \/>\nUne attention particuli\u00e8re a \u00e9t\u00e9 accord\u00e9e aux secteurs o\u00f9 les opportunit\u00e9s de collaboration industrielle semblent les plus prometteuses, tels que l\u2019\u00e9nergie, les min\u00e9raux critiques, la d\u00e9fense et les infrastructures.<\/p>\n<p>La visite a permis \u00e0 l\u2019Ambassadeur Cattaneo de rencontrer de nombreux repr\u00e9sentants institutionnels et \u00e9conomiques, notamment la d\u00e9put\u00e9e f\u00e9d\u00e9rale Ginette Petitpas Taylor et la mairesse de Moncton, Paulette Th\u00e9riault.<\/p>\n<p>L\u2019Ambassadeur Cattaneo a \u00e9galement particip\u00e9 au d\u00eener organis\u00e9 par l\u2019Association italienne de Moncton \u00e0 l\u2019occasion de ses cinquante ans d\u2019activit\u00e9. L\u2019Association constitue un point de r\u00e9f\u00e9rence actif et dynamique pour la communaut\u00e9 italienne et italo-canadienne locale, ayant r\u00e9cemment promu de nouveaux cours de langue italienne, avec le soutien du Minist\u00e8re italien des Affaires \u00e9trang\u00e8res et de la Coop\u00e9ration internationale. Accueilli par le Pr\u00e9sident Vincenzo Delle Donne et par le Vice-pr\u00e9sident et correspondant consulaire Francesco Calazzo, l\u2019Ambassadeur Cattaneo a adress\u00e9 un salut aux quelque 200 invit\u00e9s, parmi lesquels figuraient de nombreuses personnalit\u00e9s du monde politique et \u00e9conomique local.<\/p>\n","protected":false},"excerpt":{"rendered":"Les 17 et 18 octobre, l\u2019Ambassadeur d\u2019Italie au Canada, Alessandro Cattaneo, a effectu\u00e9 une mission dans la province du Nouveau-Brunswick, visitant Fredericton et Moncton, accompagn\u00e9 du Consul g\u00e9n\u00e9ral d\u2019Italie \u00e0 Montr\u00e9al, Enrico Pavone. Dans la capitale provinciale, Fredericton, l\u2019Ambassadeur Cattaneo a \u00e9t\u00e9 re\u00e7u par la Premi\u00e8re ministre Susan Holt. La longue et cordiale rencontre avec [&hellip;]","protected":false},"author":8,"featured_media":7913,"comment_status":"closed","ping_status":"closed","sticky":false,"template":"","format":"standard","meta":{"footnotes":""},"tags":[],"class_list":["post-7919","post","type-post","status-publish","format-standard","has-post-thumbnail","hentry"],"_links":{"self":[{"href":"https:\/\/ambottawa.esteri.it\/fr\/wp-json\/wp\/v2\/posts\/7919","targetHints":{"allow":["GET"]}}],"collection":[{"href":"https:\/\/ambottawa.esteri.it\/fr\/wp-json\/wp\/v2\/posts"}],"about":[{"href":"https:\/\/ambottawa.esteri.it\/fr\/wp-json\/wp\/v2\/types\/post"}],"author":[{"embeddable":true,"href":"https:\/\/ambottawa.esteri.it\/fr\/wp-json\/wp\/v2\/users\/8"}],"replies":[{"embeddable":true,"href":"https:\/\/ambottawa.esteri.it\/fr\/wp-json\/wp\/v2\/comments?post=7919"}],"version-history":[{"count":1,"href":"https:\/\/ambottawa.esteri.it\/fr\/wp-json\/wp\/v2\/posts\/7919\/revisions"}],"predecessor-version":[{"id":7930,"href":"https:\/\/ambottawa.esteri.it\/fr\/wp-json\/wp\/v2\/posts\/7919\/revisions\/7930"}],"wp:featuredmedia":[{"embeddable":true,"href":"https:\/\/ambottawa.esteri.it\/fr\/wp-json\/wp\/v2\/media\/7913"}],"wp:attachment":[{"href":"https:\/\/ambottawa.esteri.it\/fr\/wp-json\/wp\/v2\/media?parent=7919"}],"wp:term":[{"taxonomy":"post_tag","embeddable":true,"href":"https:\/\/ambottawa.esteri.it\/fr\/wp-json\/wp\/v2\/tags?post=7919"}],"curies":[{"name":"wp","href":"https:\/\/api.w.org\/{rel}","templated":true}]}}