{"id":7896,"date":"2025-10-16T15:35:51","date_gmt":"2025-10-16T13:35:51","guid":{"rendered":"https:\/\/ambottawa.esteri.it\/?p=7896"},"modified":"2025-10-16T20:28:10","modified_gmt":"2025-10-16T18:28:10","slug":"mission-de-lambassadeur-ditalie-au-canada-a-montreal-et-a-toronto-14-15-octobre-2025","status":"publish","type":"post","link":"https:\/\/ambottawa.esteri.it\/fr\/news\/dall_ambasciata\/2025\/10\/mission-de-lambassadeur-ditalie-au-canada-a-montreal-et-a-toronto-14-15-octobre-2025\/","title":{"rendered":"Mission de l\u2019Ambassadeur d\u2019Italie au Canada \u00e0 Montr\u00e9al et \u00e0 Toronto (14\u201315 octobre 2025)"},"content":{"rendered":"<p>L\u2019Ambassadeur d\u2019Italie au Canada, Alessandro Cattaneo, a effectu\u00e9 une mission officielle \u00e0 Montr\u00e9al et \u00e0 Toronto les 14 et 15 octobre.<\/p>\n<p>Dans la matin\u00e9e du 14 octobre, l\u2019Ambassadeur a pr\u00e9sid\u00e9, \u00e0 l\u2019Institut Italien de Culture de Montr\u00e9al, la R\u00e9union InterComites Canada, en pr\u00e9sence de l\u2019Hon. Andrea Di Giuseppe, de l\u2019Hon. Christian Di Sanzo, et, \u00e0 distance, de la S\u00e9natrice Francesca La Marca \u2014 parlementaires \u00e9lus dans la circonscription Am\u00e9rique du Nord \u2014 ainsi que des Consuls G\u00e9n\u00e9raux d\u2019Italie \u00e0 Montr\u00e9al, Toronto et Vancouver, des Pr\u00e9sidents des Com.It.Es des m\u00eames villes, du Secr\u00e9taire de l\u2019InterComites Canada, et du Conseiller du CGIE pour le Canada.<\/p>\n<p>La r\u00e9union a port\u00e9 sur les principales questions consulaires, les services offerts aux ressortissants italiens, les initiatives en cours ou en pr\u00e9paration, ainsi que les activit\u00e9s de promotion de la langue et de la culture italiennes.<\/p>\n<p>Dans son discours, l\u2019Ambassadeur Cattaneo a pr\u00e9sent\u00e9 la strat\u00e9gie du r\u00e9seau diplomatique et consulaire italien au Canada, au service de nos communaut\u00e9s et pour soutenir et accompagner le travail des Com.It.Es dans le pays.<\/p>\n<p>Dans l\u2019apr\u00e8s-midi, l\u2019Ambassadeur a pr\u00e9sid\u00e9 une r\u00e9union du <em>\u00ab\u202fSyst\u00e8me Italie\u202f\u00bb<\/em> au Qu\u00e9bec, en pr\u00e9sence de l\u2019Hon. Di Giuseppe et de l\u2019Hon. Di Sanzo, du Consul G\u00e9n\u00e9ral d\u2019Italie \u00e0 Montr\u00e9al, de l\u2019Agence ICE et de la Chambre de Commerce italienne du Qu\u00e9bec. La r\u00e9union a \u00e9t\u00e9 l\u2019occasion de d\u00e9finir les perspectives de la promotion \u00e9conomique et commerciale du Made in Italy sur un march\u00e9 vaste, concurrentiel et en rapide \u00e9volution comme celui du Canada.<\/p>\n<p>La journ\u00e9e s\u2019est conclue par une rencontre avec des entrepreneurs et des repr\u00e9sentants de la communaut\u00e9 italienne du Qu\u00e9bec, ainsi qu\u2019avec des parlementaires canadiens d\u2019origine italienne.<\/p>\n<p>Les engagements de l\u2019Ambassadeur Cattaneo se sont poursuivis le 15 octobre \u00e0 Toronto, o\u00f9 il a rencontr\u00e9 des personnalit\u00e9s de premier plan et des repr\u00e9sentants de la communaut\u00e9 italo-canadienne, parmi lesquels le S\u00e9nateur Toni Varone\u202f; de nombreux parlementaires f\u00e9d\u00e9raux et provinciaux\u202f; le Pr\u00e9sident de l\u2019Association des fabricants de pi\u00e8ces automobiles (APMA), Flavio Volpe\u202f; le PDG de l\u2019organisme \u00e0 but non lucratif Villa Charities, Marco DeVuono\u202f; ainsi que des repr\u00e9sentants du Com.It.Es local.<\/p>\n<p>L\u2019Ambassadeur a enfin particip\u00e9 \u00e0 une soir\u00e9e caritative organis\u00e9e par la soci\u00e9t\u00e9 de cr\u00e9dit Italian-Canadian Savings and Credit Union en l\u2019honneur du S\u00e9nateur Toni Varone.<\/p>\n","protected":false},"excerpt":{"rendered":"L\u2019Ambassadeur d\u2019Italie au Canada, Alessandro Cattaneo, a effectu\u00e9 une mission officielle \u00e0 Montr\u00e9al et \u00e0 Toronto les 14 et 15 octobre. Dans la matin\u00e9e du 14 octobre, l\u2019Ambassadeur a pr\u00e9sid\u00e9, \u00e0 l\u2019Institut Italien de Culture de Montr\u00e9al, la R\u00e9union InterComites Canada, en pr\u00e9sence de l\u2019Hon. Andrea Di Giuseppe, de l\u2019Hon. Christian Di Sanzo, et, \u00e0 [&hellip;]","protected":false},"author":8,"featured_media":7880,"comment_status":"closed","ping_status":"closed","sticky":false,"template":"","format":"standard","meta":{"footnotes":""},"tags":[],"class_list":["post-7896","post","type-post","status-publish","format-standard","has-post-thumbnail","hentry"],"_links":{"self":[{"href":"https:\/\/ambottawa.esteri.it\/fr\/wp-json\/wp\/v2\/posts\/7896","targetHints":{"allow":["GET"]}}],"collection":[{"href":"https:\/\/ambottawa.esteri.it\/fr\/wp-json\/wp\/v2\/posts"}],"about":[{"href":"https:\/\/ambottawa.esteri.it\/fr\/wp-json\/wp\/v2\/types\/post"}],"author":[{"embeddable":true,"href":"https:\/\/ambottawa.esteri.it\/fr\/wp-json\/wp\/v2\/users\/8"}],"replies":[{"embeddable":true,"href":"https:\/\/ambottawa.esteri.it\/fr\/wp-json\/wp\/v2\/comments?post=7896"}],"version-history":[{"count":1,"href":"https:\/\/ambottawa.esteri.it\/fr\/wp-json\/wp\/v2\/posts\/7896\/revisions"}],"predecessor-version":[{"id":7897,"href":"https:\/\/ambottawa.esteri.it\/fr\/wp-json\/wp\/v2\/posts\/7896\/revisions\/7897"}],"wp:featuredmedia":[{"embeddable":true,"href":"https:\/\/ambottawa.esteri.it\/fr\/wp-json\/wp\/v2\/media\/7880"}],"wp:attachment":[{"href":"https:\/\/ambottawa.esteri.it\/fr\/wp-json\/wp\/v2\/media?parent=7896"}],"wp:term":[{"taxonomy":"post_tag","embeddable":true,"href":"https:\/\/ambottawa.esteri.it\/fr\/wp-json\/wp\/v2\/tags?post=7896"}],"curies":[{"name":"wp","href":"https:\/\/api.w.org\/{rel}","templated":true}]}}